{"id":13743,"date":"2026-09-01T13:08:49","date_gmt":"2026-09-01T13:08:49","guid":{"rendered":"https:\/\/www.pedrolmairal.com\/ca\/?p=13743"},"modified":"2026-09-01T13:13:54","modified_gmt":"2026-09-01T13:13:54","slug":"fa-mal-posar-se-ortodoncia","status":"publish","type":"post","link":"https:\/\/www.pedrolmairal.com\/ca\/blog\/2026\/09\/01\/fa-mal-posar-se-ortodoncia\/","title":{"rendered":"Fa mal posar-se ortod\u00f2ncia? Qu\u00e8 esperar els primers dies"},"content":{"rendered":"\t\t<div data-elementor-type=\"wp-post\" data-elementor-id=\"13743\" class=\"elementor elementor-13743\">\n\t\t\t\t\t\t<section class=\"elementor-section elementor-top-section elementor-element elementor-element-2f616fd4 elementor-section-height-full elementor-hidden-tablet elementor-hidden-mobile elementor-section-full_width elementor-section-stretched elementor-section-height-default elementor-section-items-middle\" data-id=\"2f616fd4\" data-element_type=\"section\" data-e-type=\"section\" data-settings=\"{&quot;background_background&quot;:&quot;classic&quot;,&quot;stretch_section&quot;:&quot;section-stretched&quot;}\">\n\t\t\t\t\t\t\t<div class=\"elementor-background-overlay\"><\/div>\n\t\t\t\t\t\t\t<div class=\"elementor-container elementor-column-gap-no\">\n\t\t\t\t\t<div class=\"elementor-column elementor-col-100 elementor-top-column elementor-element elementor-element-5c36d5b4\" data-id=\"5c36d5b4\" data-element_type=\"column\" data-e-type=\"column\">\n\t\t\t<div class=\"elementor-widget-wrap elementor-element-populated\">\n\t\t\t\t\t\t<div class=\"elementor-element elementor-element-563b586 elementor-widget__width-initial elementor-widget elementor-widget-heading\" data-id=\"563b586\" data-element_type=\"widget\" data-e-type=\"widget\" data-widget_type=\"heading.default\">\n\t\t\t\t<div class=\"elementor-widget-container\">\n\t\t\t\t\t<h1 class=\"elementor-heading-title elementor-size-default\">Fa mal posar-se ortod\u00f2ncia? Qu\u00e8 pots esperar durant els primers dies<\/h1>\t\t\t\t<\/div>\n\t\t\t\t<\/div>\n\t\t\t\t\t<\/div>\n\t\t<\/div>\n\t\t\t\t\t<\/div>\n\t\t<\/section>\n\t\t\t\t<section class=\"elementor-section elementor-top-section elementor-element elementor-element-90af59a elementor-section-height-full elementor-section-full_width elementor-section-stretched elementor-hidden-desktop elementor-section-height-default elementor-section-items-middle\" data-id=\"90af59a\" data-element_type=\"section\" data-e-type=\"section\" data-settings=\"{&quot;background_background&quot;:&quot;classic&quot;,&quot;stretch_section&quot;:&quot;section-stretched&quot;}\">\n\t\t\t\t\t\t\t<div class=\"elementor-background-overlay\"><\/div>\n\t\t\t\t\t\t\t<div class=\"elementor-container elementor-column-gap-no\">\n\t\t\t\t\t<div class=\"elementor-column elementor-col-100 elementor-top-column elementor-element elementor-element-e589c1e\" data-id=\"e589c1e\" data-element_type=\"column\" data-e-type=\"column\">\n\t\t\t<div class=\"elementor-widget-wrap elementor-element-populated\">\n\t\t\t\t\t\t<div class=\"elementor-element elementor-element-4295c7e elementor-widget-tablet__width-initial elementor-widget elementor-widget-heading\" data-id=\"4295c7e\" data-element_type=\"widget\" data-e-type=\"widget\" data-widget_type=\"heading.default\">\n\t\t\t\t<div class=\"elementor-widget-container\">\n\t\t\t\t\t<h1 class=\"elementor-heading-title elementor-size-default\">Fa mal posar-se ortod\u00f2ncia? Qu\u00e8 pots esperar durant els primers dies<\/h1>\t\t\t\t<\/div>\n\t\t\t\t<\/div>\n\t\t\t\t\t<\/div>\n\t\t<\/div>\n\t\t\t\t\t<\/div>\n\t\t<\/section>\n\t\t\t\t<section class=\"elementor-section elementor-top-section elementor-element elementor-element-1306bc0 elementor-section-boxed elementor-section-height-default elementor-section-height-default\" data-id=\"1306bc0\" data-element_type=\"section\" data-e-type=\"section\">\n\t\t\t\t\t\t<div class=\"elementor-container elementor-column-gap-default\">\n\t\t\t\t\t<div class=\"elementor-column elementor-col-100 elementor-top-column elementor-element elementor-element-f2620d7\" data-id=\"f2620d7\" data-element_type=\"column\" data-e-type=\"column\">\n\t\t\t<div class=\"elementor-widget-wrap elementor-element-populated\">\n\t\t\t\t\t\t<div class=\"elementor-element elementor-element-375d457 elementor-widget elementor-widget-spacer\" data-id=\"375d457\" data-element_type=\"widget\" data-e-type=\"widget\" data-widget_type=\"spacer.default\">\n\t\t\t\t<div class=\"elementor-widget-container\">\n\t\t\t\t\t\t\t<div class=\"elementor-spacer\">\n\t\t\t<div class=\"elementor-spacer-inner\"><\/div>\n\t\t<\/div>\n\t\t\t\t\t\t<\/div>\n\t\t\t\t<\/div>\n\t\t\t\t\t<\/div>\n\t\t<\/div>\n\t\t\t\t\t<\/div>\n\t\t<\/section>\n\t\t\t\t<section class=\"elementor-section elementor-top-section elementor-element elementor-element-d0f9167 elementor-section-boxed elementor-section-height-default elementor-section-height-default\" data-id=\"d0f9167\" data-element_type=\"section\" data-e-type=\"section\">\n\t\t\t\t\t\t<div class=\"elementor-container elementor-column-gap-default\">\n\t\t\t\t\t<div class=\"elementor-column elementor-col-100 elementor-top-column elementor-element elementor-element-93b864c\" data-id=\"93b864c\" data-element_type=\"column\" data-e-type=\"column\">\n\t\t\t<div class=\"elementor-widget-wrap elementor-element-populated\">\n\t\t\t\t\t\t<div class=\"elementor-element elementor-element-0069280 elementor-widget elementor-widget-text-editor\" data-id=\"0069280\" data-element_type=\"widget\" data-e-type=\"widget\" data-widget_type=\"text-editor.default\">\n\t\t\t\t<div class=\"elementor-widget-container\">\n\t\t\t\t\t\t\t\t\t<div class=\"traductor-textarea form-group\"><div class=\"textarea-desti col-xs-12 col-sm-6\"><div class=\"form-control second-textarea\"><p class=\"isSelectedEnd\">Una de les preguntes m\u00e9s freq\u00fcents abans de comen\u00e7ar un tractament d\u2019ortod\u00f2ncia \u00e9s: <strong>fa mal posar-se ortod\u00f2ncia?<\/strong> \u00c9s normal tenir dubtes, especialment si mai no has portat br\u00e0quets o alineadors transparents.<\/p><p class=\"isSelectedEnd\">La bona not\u00edcia \u00e9s que <strong>la col\u00b7locaci\u00f3 d\u2019un aparell d\u2019ortod\u00f2ncia no acostuma a ser dolorosa<\/strong>. Tanmateix, \u00e9s possible notar certa pressi\u00f3, sensibilitat o mol\u00e8sties durant els primers dies, especialment quan les dents comencen a adaptar-se al tractament.<\/p><p>En aquest article t\u2019expliquem qu\u00e8 pots notar quan comences un tractament d\u2019ortod\u00f2ncia, quant poden durar les mol\u00e8sties i alguns consells perqu\u00e8 els primers dies siguin m\u00e9s c\u00f2modes.<\/p><\/div><\/div><\/div>\t\t\t\t\t\t\t\t<\/div>\n\t\t\t\t<\/div>\n\t\t\t\t<div class=\"elementor-element elementor-element-2705582 elementor-widget elementor-widget-heading\" data-id=\"2705582\" data-element_type=\"widget\" data-e-type=\"widget\" data-widget_type=\"heading.default\">\n\t\t\t\t<div class=\"elementor-widget-container\">\n\t\t\t\t\t<h2 class=\"elementor-heading-title elementor-size-default\">Fa mal posar-se ortod\u00f2ncia?<\/h2>\t\t\t\t<\/div>\n\t\t\t\t<\/div>\n\t\t\t\t<div class=\"elementor-element elementor-element-fc83667 elementor-widget elementor-widget-text-editor\" data-id=\"fc83667\" data-element_type=\"widget\" data-e-type=\"widget\" data-widget_type=\"text-editor.default\">\n\t\t\t\t<div class=\"elementor-widget-container\">\n\t\t\t\t\t\t\t\t\t<div class=\"traductor-textarea form-group\"><div class=\"textarea-desti col-xs-12 col-sm-6\"><div class=\"form-control second-textarea\"><p class=\"isSelectedEnd\">En general, <strong>posar-se ortod\u00f2ncia no hauria de fer mal<\/strong>. Durant la col\u00b7locaci\u00f3 dels br\u00e0quets, per exemple, l\u2019ortodontista neteja i prepara la superf\u00edcie de les dents i col\u00b7loca els br\u00e0quets i l\u2019arc que exercir\u00e0 les forces necess\u00e0ries per anar movent les dents.<\/p><p class=\"isSelectedEnd\">Aquest procediment no implica realitzar cap intervenci\u00f3 dolorosa sobre la dent. El que pots notar posteriorment \u00e9s <strong>pressi\u00f3 o sensibilitat<\/strong>, especialment en mossegar o tocar les dents.<\/p><p class=\"isSelectedEnd\">En el cas dels alineadors transparents, la sensaci\u00f3 pot ser diferent. Quan col\u00b7loques un alineador nou, \u00e9s habitual notar que est\u00e0 m\u00e9s ajustat i que exerceix pressi\u00f3 sobre determinades dents. Aquesta pressi\u00f3 forma part del proc\u00e9s mitjan\u00e7ant el qual les dents es van despla\u00e7ant progressivament.<\/p><p>Per tant, m\u00e9s que parlar de dolor intens, el m\u00e9s habitual \u00e9s parlar de <strong>mol\u00e8sties temporals i sensaci\u00f3 de pressi\u00f3<\/strong>.<\/p><\/div><\/div><\/div>\t\t\t\t\t\t\t\t<\/div>\n\t\t\t\t<\/div>\n\t\t\t\t<div class=\"elementor-element elementor-element-be2f770 elementor-widget elementor-widget-heading\" data-id=\"be2f770\" data-element_type=\"widget\" data-e-type=\"widget\" data-widget_type=\"heading.default\">\n\t\t\t\t<div class=\"elementor-widget-container\">\n\t\t\t\t\t<h2 class=\"elementor-heading-title elementor-size-default\">Per qu\u00e8 poden fer mal les dents despr\u00e9s de posar-se ortod\u00f2ncia?<\/h2>\t\t\t\t<\/div>\n\t\t\t\t<\/div>\n\t\t\t\t\t<\/div>\n\t\t<\/div>\n\t\t\t\t\t<\/div>\n\t\t<\/section>\n\t\t\t\t<section class=\"elementor-section elementor-top-section elementor-element elementor-element-b17d068 elementor-section-boxed elementor-section-height-default elementor-section-height-default\" data-id=\"b17d068\" data-element_type=\"section\" data-e-type=\"section\">\n\t\t\t\t\t\t<div class=\"elementor-container elementor-column-gap-default\">\n\t\t\t\t\t<div class=\"elementor-column elementor-col-100 elementor-top-column elementor-element elementor-element-ff045e6\" data-id=\"ff045e6\" data-element_type=\"column\" data-e-type=\"column\">\n\t\t\t<div class=\"elementor-widget-wrap elementor-element-populated\">\n\t\t\t\t\t\t<div class=\"elementor-element elementor-element-6f8b241 elementor-widget elementor-widget-text-editor\" data-id=\"6f8b241\" data-element_type=\"widget\" data-e-type=\"widget\" data-widget_type=\"text-editor.default\">\n\t\t\t\t<div class=\"elementor-widget-container\">\n\t\t\t\t\t\t\t\t\t<p class=\"isSelectedEnd\">L\u2019ortod\u00f2ncia funciona aplicant forces controlades sobre les dents per aconseguir que es desplacin progressivament cap a la posici\u00f3 planificada.<\/p><p class=\"isSelectedEnd\">Quan comen\u00e7a el tractament, els teixits que envolten les dents s\u2019han d\u2019adaptar a aquestes noves forces. Per aquest motiu, durant els primers dies pots notar:<\/p><ul data-spread=\"false\"><li>Sensibilitat en mossegar.<\/li><li>Pressi\u00f3 en algunes dents.<\/li><li>Mol\u00e8sties en menjar aliments durs.<\/li><li>Sensaci\u00f3 que les dents estan m\u00e9s sensibles del que \u00e9s habitual.<\/li><li>Petites mol\u00e8sties a la zona de les genives o dels teixits de la boca.<\/li><\/ul><p class=\"isSelectedEnd\">Aquestes sensacions s\u00f3n especialment freq\u00fcents despr\u00e9s de col\u00b7locar els br\u00e0quets o despr\u00e9s de realitzar determinats ajustaments de l\u2019aparell.<\/p><p>La intensitat de les mol\u00e8sties <strong>pot variar molt d\u2019una persona a una altra<\/strong>. Algunes persones gaireb\u00e9 no noten mol\u00e8sties, mentre que d\u2019altres tenen una sensibilitat m\u00e9s elevada durant els primers dies.<\/p>\t\t\t\t\t\t\t\t<\/div>\n\t\t\t\t<\/div>\n\t\t\t\t<div class=\"elementor-element elementor-element-2811aaa elementor-widget elementor-widget-heading\" data-id=\"2811aaa\" data-element_type=\"widget\" data-e-type=\"widget\" data-widget_type=\"heading.default\">\n\t\t\t\t<div class=\"elementor-widget-container\">\n\t\t\t\t\t<h2 class=\"elementor-heading-title elementor-size-default\">Quant dura el dolor de l\u2019ortod\u00f2ncia?<\/h2>\t\t\t\t<\/div>\n\t\t\t\t<\/div>\n\t\t\t\t<div class=\"elementor-element elementor-element-6582036 elementor-widget elementor-widget-text-editor\" data-id=\"6582036\" data-element_type=\"widget\" data-e-type=\"widget\" data-widget_type=\"text-editor.default\">\n\t\t\t\t<div class=\"elementor-widget-container\">\n\t\t\t\t\t\t\t\t\t<p class=\"isSelectedEnd\">Un dels dubtes m\u00e9s habituals \u00e9s <strong>quant de temps fan mal les dents despr\u00e9s de posar-se ortod\u00f2ncia<\/strong>.<\/p><p class=\"isSelectedEnd\">En la majoria dels casos, les mol\u00e8sties apareixen durant les primeres hores o el primer dia i van disminuint progressivament. Normalment, la sensibilitat \u00e9s m\u00e9s evident durant els primers dies i despr\u00e9s millora a mesura que la boca s\u2019adapta.<\/p><p class=\"isSelectedEnd\">Tamb\u00e9 \u00e9s possible tornar a notar certa pressi\u00f3 o sensibilitat despr\u00e9s de les revisions en qu\u00e8 es realitzen ajustaments del tractament o quan es canvia a un alineador nou.<\/p><p class=\"isSelectedEnd\">Aix\u00f2 no significa necess\u00e0riament que alguna cosa vagi malament. El tractament d\u2019ortod\u00f2ncia requereix realitzar moviments dentals progressius i \u00e9s normal que aquests canvis puguin generar certa sensaci\u00f3 de pressi\u00f3.<\/p><p>Si les mol\u00e8sties s\u00f3n molt intenses, persisteixen durant m\u00e9s temps del que \u00e9s habitual o apareixen s\u00edmptomes que et preocupen, \u00e9s recomanable consultar amb el teu ortodontista.<\/p>\t\t\t\t\t\t\t\t<\/div>\n\t\t\t\t<\/div>\n\t\t\t\t<div class=\"elementor-element elementor-element-3790066 elementor-widget elementor-widget-heading\" data-id=\"3790066\" data-element_type=\"widget\" data-e-type=\"widget\" data-widget_type=\"heading.default\">\n\t\t\t\t<div class=\"elementor-widget-container\">\n\t\t\t\t\t<h2 class=\"elementor-heading-title elementor-size-default\">Fa m\u00e9s mal posar-se br\u00e0quets o alineadors transparents?<\/h2>\t\t\t\t<\/div>\n\t\t\t\t<\/div>\n\t\t\t\t<div class=\"elementor-element elementor-element-60adc70 elementor-widget elementor-widget-text-editor\" data-id=\"60adc70\" data-element_type=\"widget\" data-e-type=\"widget\" data-widget_type=\"text-editor.default\">\n\t\t\t\t<div class=\"elementor-widget-container\">\n\t\t\t\t\t\t\t\t\t<p class=\"isSelectedEnd\">No hi ha una resposta \u00fanica, ja que <strong>cada persona experimenta les mol\u00e8sties de manera diferent<\/strong>.<\/p><p class=\"isSelectedEnd\">Amb els br\u00e0quets, \u00e9s possible notar pressi\u00f3 o sensibilitat a les dents despr\u00e9s de la seva col\u00b7locaci\u00f3 i dels posteriors ajustaments. A m\u00e9s, durant els primers dies els br\u00e0quets poden fregar la part interior dels llavis, les galtes o la llengua mentre la boca s\u2019hi acostuma.<\/p><p class=\"isSelectedEnd\">En el cas dels alineadors transparents, normalment la principal sensaci\u00f3 \u00e9s de pressi\u00f3 o ajustament sobre les dents. Cada vegada que es canvia a un alineador nou pot apar\u00e8ixer una sensaci\u00f3 similar durant el per\u00edode inicial d\u2019adaptaci\u00f3.<\/p><p>Per aix\u00f2, a l\u2019hora d\u2019escollir entre br\u00e0quets i alineadors no s\u2019hauria de tenir en compte \u00fanicament la sensaci\u00f3 dels primers dies. L\u2019ortodontista ha de valorar <strong>la posici\u00f3 de les dents, la mossegada, les necessitats de cada pacient i els objectius del tractament<\/strong>.<\/p>\t\t\t\t\t\t\t\t<\/div>\n\t\t\t\t<\/div>\n\t\t\t\t\t<\/div>\n\t\t<\/div>\n\t\t\t\t\t<\/div>\n\t\t<\/section>\n\t\t\t\t<section class=\"elementor-section elementor-top-section elementor-element elementor-element-a126bde elementor-section-boxed elementor-section-height-default elementor-section-height-default\" data-id=\"a126bde\" data-element_type=\"section\" data-e-type=\"section\">\n\t\t\t\t\t\t<div class=\"elementor-container elementor-column-gap-default\">\n\t\t\t\t\t<div class=\"elementor-column elementor-col-100 elementor-top-column elementor-element elementor-element-b5ecba2\" data-id=\"b5ecba2\" data-element_type=\"column\" data-e-type=\"column\">\n\t\t\t<div class=\"elementor-widget-wrap elementor-element-populated\">\n\t\t\t\t\t\t<div class=\"elementor-element elementor-element-8163995 elementor-widget elementor-widget-heading\" data-id=\"8163995\" data-element_type=\"widget\" data-e-type=\"widget\" data-widget_type=\"heading.default\">\n\t\t\t\t<div class=\"elementor-widget-container\">\n\t\t\t\t\t<h2 class=\"elementor-heading-title elementor-size-default\">Qu\u00e8 fer si em fan mal les dents amb ortod\u00f2ncia?<\/h2>\t\t\t\t<\/div>\n\t\t\t\t<\/div>\n\t\t\t\t<div class=\"elementor-element elementor-element-26cb055 elementor-widget elementor-widget-text-editor\" data-id=\"26cb055\" data-element_type=\"widget\" data-e-type=\"widget\" data-widget_type=\"text-editor.default\">\n\t\t\t\t<div class=\"elementor-widget-container\">\n\t\t\t\t\t\t\t\t\t<div class=\"TyagGW_tableContainer\"><div class=\"group TyagGW_tableWrapper flex flex-col-reverse w-fit\" tabindex=\"-1\"><p class=\"isSelectedEnd\">Si notes mol\u00e8sties despr\u00e9s de comen\u00e7ar el tractament, hi ha algunes mesures senzilles que et poden ajudar a passar millor els primers dies.<\/p><h3>1. Tria aliments tous<\/h3><p class=\"isSelectedEnd\">Durant els primers dies pot resultar m\u00e9s c\u00f2mode menjar aliments que requereixin menys esfor\u00e7 per mastegar.<\/p><p class=\"isSelectedEnd\">Algunes opcions poden ser cremes, pur\u00e9s, pasta, arr\u00f2s, ous, peix, iogurt o altres aliments tous.<\/p><p class=\"isSelectedEnd\">A mesura que disminueixi la sensibilitat, podr\u00e0s tornar progressivament a la teva alimentaci\u00f3 habitual, seguint sempre les recomanacions del teu ortodontista.<\/p><h3>2. Evita els aliments molt durs<\/h3><p class=\"isSelectedEnd\">Si portes br\u00e0quets, a m\u00e9s de la sensibilitat inicial, \u00e9s important anar amb compte amb determinats aliments que poden exercir massa pressi\u00f3 sobre l\u2019aparell o fins i tot provocar que algun element es desenganxi.<\/p><p class=\"isSelectedEnd\">Per aix\u00f2, durant el tractament \u00e9s important seguir les indicacions que et proporcioni l\u2019equip d\u2019ortod\u00f2ncia sobre alimentaci\u00f3 i cures.<\/p><h3>3. Utilitza cera d\u2019ortod\u00f2ncia si hi ha fregaments<\/h3><p class=\"isSelectedEnd\">En els tractaments amb br\u00e0quets, durant els primers dies pot apar\u00e8ixer algun fregament als llavis o a la part interior de les galtes.<\/p><p class=\"isSelectedEnd\">La <strong>cera d\u2019ortod\u00f2ncia<\/strong> es pot utilitzar per cobrir temporalment la zona del br\u00e0quet que provoca la mol\u00e8stia i facilitar el per\u00edode d\u2019adaptaci\u00f3.<\/p><p class=\"isSelectedEnd\">Amb el temps, els teixits de la boca solen acostumar-se al contacte amb l\u2019aparell.<\/p><h3>4. Mant\u00e9n una bona higiene bucodental<\/h3><p class=\"isSelectedEnd\">La higiene \u00e9s especialment important durant un tractament d\u2019ortod\u00f2ncia.<\/p><p class=\"isSelectedEnd\">Renta\u2019t les dents amb cura i presta especial atenci\u00f3 a les zones del voltant dels br\u00e0quets si portes ortod\u00f2ncia fixa. Una correcta higiene ajuda a mantenir les genives sanes i a prevenir problemes com l\u2019acumulaci\u00f3 de placa bacteriana.<\/p><p class=\"isSelectedEnd\">Si utilitzes alineadors transparents, tamb\u00e9 \u00e9s important seguir les indicacions sobre la seva neteja i \u00fas.<\/p><h3>5. Segueix les recomanacions del teu ortodontista<\/h3><p class=\"isSelectedEnd\">Cada tractament \u00e9s diferent. Per aix\u00f2, davant de qualsevol mol\u00e8stia, el millor \u00e9s seguir les recomanacions espec\u00edfiques que t\u2019hagi proporcionat el teu professional.<\/p><p>Si necessites utilitzar algun medicament per alleujar el dolor, consulta pr\u00e8viament amb un professional sanitari per saber quina opci\u00f3 \u00e9s adequada per a tu i com l\u2019has d\u2019utilitzar.<\/p><\/div><\/div>\t\t\t\t\t\t\t\t<\/div>\n\t\t\t\t<\/div>\n\t\t\t\t\t<\/div>\n\t\t<\/div>\n\t\t\t\t\t<\/div>\n\t\t<\/section>\n\t\t\t\t<section class=\"elementor-section elementor-top-section elementor-element elementor-element-f516d16 elementor-section-boxed elementor-section-height-default elementor-section-height-default\" data-id=\"f516d16\" data-element_type=\"section\" data-e-type=\"section\">\n\t\t\t\t\t\t<div class=\"elementor-container elementor-column-gap-default\">\n\t\t\t\t\t<div class=\"elementor-column elementor-col-100 elementor-top-column elementor-element elementor-element-d17e824\" data-id=\"d17e824\" data-element_type=\"column\" data-e-type=\"column\">\n\t\t\t<div class=\"elementor-widget-wrap elementor-element-populated\">\n\t\t\t\t\t\t<div class=\"elementor-element elementor-element-4583f43 elementor-widget elementor-widget-heading\" data-id=\"4583f43\" data-element_type=\"widget\" data-e-type=\"widget\" data-widget_type=\"heading.default\">\n\t\t\t\t<div class=\"elementor-widget-container\">\n\t\t\t\t\t<h2 class=\"elementor-heading-title elementor-size-default\">\u00c9s normal que les dents es moguin durant l\u2019ortod\u00f2ncia?<\/h2>\t\t\t\t<\/div>\n\t\t\t\t<\/div>\n\t\t\t\t<div class=\"elementor-element elementor-element-34350b7 elementor-widget elementor-widget-text-editor\" data-id=\"34350b7\" data-element_type=\"widget\" data-e-type=\"widget\" data-widget_type=\"text-editor.default\">\n\t\t\t\t<div class=\"elementor-widget-container\">\n\t\t\t\t\t\t\t\t\t<p class=\"isSelectedEnd\">S\u00ed. <strong>El moviment de les dents \u00e9s precisament l\u2019objectiu del tractament d\u2019ortod\u00f2ncia<\/strong>.<\/p><p class=\"isSelectedEnd\">Al llarg del tractament pots notar que algunes dents semblen tenir una mica m\u00e9s de mobilitat. Aix\u00f2 pot formar part del proc\u00e9s de moviment dental, per\u00f2 no significa que hagis de considerar qualsevol s\u00edmptoma com a normal.<\/p><p>Si notes una mobilitat important, dolor intens, inflamaci\u00f3, una lesi\u00f3 o qualsevol altra situaci\u00f3 que et preocupi, has de comunicar-ho a l\u2019equip que porta el teu tractament.<\/p>\t\t\t\t\t\t\t\t<\/div>\n\t\t\t\t<\/div>\n\t\t\t\t\t<\/div>\n\t\t<\/div>\n\t\t\t\t\t<\/div>\n\t\t<\/section>\n\t\t\t\t<section class=\"elementor-section elementor-top-section elementor-element elementor-element-098bd11 elementor-section-boxed elementor-section-height-default elementor-section-height-default\" data-id=\"098bd11\" data-element_type=\"section\" data-e-type=\"section\">\n\t\t\t\t\t\t<div class=\"elementor-container elementor-column-gap-default\">\n\t\t\t\t\t<div class=\"elementor-column elementor-col-100 elementor-top-column elementor-element elementor-element-1db12ae\" data-id=\"1db12ae\" data-element_type=\"column\" data-e-type=\"column\">\n\t\t\t<div class=\"elementor-widget-wrap elementor-element-populated\">\n\t\t\t\t\t\t<div class=\"elementor-element elementor-element-698f20e elementor-widget elementor-widget-heading\" data-id=\"698f20e\" data-element_type=\"widget\" data-e-type=\"widget\" data-widget_type=\"heading.default\">\n\t\t\t\t<div class=\"elementor-widget-container\">\n\t\t\t\t\t<h2 class=\"elementor-heading-title elementor-size-default\">Quan hauria de consultar amb l\u2019ortodontista?<\/h2>\t\t\t\t<\/div>\n\t\t\t\t<\/div>\n\t\t\t\t<div class=\"elementor-element elementor-element-93337e9 elementor-widget elementor-widget-text-editor\" data-id=\"93337e9\" data-element_type=\"widget\" data-e-type=\"widget\" data-widget_type=\"text-editor.default\">\n\t\t\t\t<div class=\"elementor-widget-container\">\n\t\t\t\t\t\t\t\t\t<p class=\"isSelectedEnd\">Les mol\u00e8sties lleus o moderades durant els primers dies poden formar part del proc\u00e9s normal d\u2019adaptaci\u00f3. Tanmateix, \u00e9s important consultar amb la teva cl\u00ednica si:<\/p><ul data-spread=\"false\"><li>El dolor \u00e9s intens o empitjora en lloc de millorar.<\/li><li>Les mol\u00e8sties persisteixen durant massa temps.<\/li><li>Apareix una inflamaci\u00f3 important.<\/li><li>Tens una ferida que no millora.<\/li><li>S\u2019ha trencat o desenganxat algun element de l\u2019aparell.<\/li><li>Un arc, br\u00e0quet o altre component est\u00e0 provocant una lesi\u00f3.<\/li><li>Tens qualsevol s\u00edmptoma que et preocupi.<\/li><\/ul><p>Davant del dubte, <strong>consultar amb l\u2019ortodontista sempre \u00e9s la millor opci\u00f3<\/strong>. El professional podr\u00e0 valorar qu\u00e8 est\u00e0 passant i, si \u00e9s necessari, realitzar els ajustaments corresponents.<\/p>\t\t\t\t\t\t\t\t<\/div>\n\t\t\t\t<\/div>\n\t\t\t\t\t<\/div>\n\t\t<\/div>\n\t\t\t\t\t<\/div>\n\t\t<\/section>\n\t\t\t\t<section class=\"elementor-section elementor-top-section elementor-element elementor-element-2f95d27 elementor-section-boxed elementor-section-height-default elementor-section-height-default\" data-id=\"2f95d27\" data-element_type=\"section\" data-e-type=\"section\">\n\t\t\t\t\t\t<div class=\"elementor-container elementor-column-gap-default\">\n\t\t\t\t\t<div class=\"elementor-column elementor-col-100 elementor-top-column elementor-element elementor-element-3aeb433\" data-id=\"3aeb433\" data-element_type=\"column\" data-e-type=\"column\">\n\t\t\t<div class=\"elementor-widget-wrap elementor-element-populated\">\n\t\t\t\t\t\t<div class=\"elementor-element elementor-element-48c50cf elementor-widget elementor-widget-heading\" data-id=\"48c50cf\" data-element_type=\"widget\" data-e-type=\"widget\" data-widget_type=\"heading.default\">\n\t\t\t\t<div class=\"elementor-widget-container\">\n\t\t\t\t\t<h2 class=\"elementor-heading-title elementor-size-default\">Val la pena posar-se ortod\u00f2ncia?<\/h2>\t\t\t\t<\/div>\n\t\t\t\t<\/div>\n\t\t\t\t<div class=\"elementor-element elementor-element-669abed elementor-widget elementor-widget-text-editor\" data-id=\"669abed\" data-element_type=\"widget\" data-e-type=\"widget\" data-widget_type=\"text-editor.default\">\n\t\t\t\t<div class=\"elementor-widget-container\">\n\t\t\t\t\t\t\t\t\t<p class=\"isSelectedEnd\">Si fa temps que penses a corregir la posici\u00f3 de les teves dents, \u00e9s possible que la por a les mol\u00e8sties t\u2019hagi fet retardar la decisi\u00f3.<\/p><p class=\"isSelectedEnd\">Tanmateix, per a moltes persones, les mol\u00e8sties inicials s\u00f3n <strong>temporals i formen part del proc\u00e9s d\u2019adaptaci\u00f3 al tractament<\/strong>. L\u2019ortod\u00f2ncia permet corregir diferents problemes relacionats amb la posici\u00f3 de les dents i la mossegada, sempre despr\u00e9s de realitzar una valoraci\u00f3 individual.<\/p><p>A m\u00e9s, actualment existeixen diferents alternatives de tractament, des dels br\u00e0quets tradicionals fins als sistemes d\u2019alineadors transparents, de manera que l\u2019ortodontista pot estudiar quina \u00e9s l\u2019opci\u00f3 m\u00e9s adequada per a cada cas.<\/p>\t\t\t\t\t\t\t\t<\/div>\n\t\t\t\t<\/div>\n\t\t\t\t\t<\/div>\n\t\t<\/div>\n\t\t\t\t\t<\/div>\n\t\t<\/section>\n\t\t\t\t<section class=\"elementor-section elementor-top-section elementor-element elementor-element-c1a18e0 elementor-section-boxed elementor-section-height-default elementor-section-height-default\" data-id=\"c1a18e0\" data-element_type=\"section\" data-e-type=\"section\">\n\t\t\t\t\t\t<div class=\"elementor-container elementor-column-gap-default\">\n\t\t\t\t\t<div class=\"elementor-column elementor-col-100 elementor-top-column elementor-element elementor-element-2816421\" data-id=\"2816421\" data-element_type=\"column\" data-e-type=\"column\">\n\t\t\t<div class=\"elementor-widget-wrap elementor-element-populated\">\n\t\t\t\t\t\t<div class=\"elementor-element elementor-element-fdcbca2 elementor-widget elementor-widget-heading\" data-id=\"fdcbca2\" data-element_type=\"widget\" data-e-type=\"widget\" data-widget_type=\"heading.default\">\n\t\t\t\t<div class=\"elementor-widget-container\">\n\t\t\t\t\t<h2 class=\"elementor-heading-title elementor-size-default\">Fa temps que penses a comen\u00e7ar el teu tractament d\u2019ortod\u00f2ncia?<\/h2>\t\t\t\t<\/div>\n\t\t\t\t<\/div>\n\t\t\t\t<div class=\"elementor-element elementor-element-cd4d15d elementor-widget elementor-widget-text-editor\" data-id=\"cd4d15d\" data-element_type=\"widget\" data-e-type=\"widget\" data-widget_type=\"text-editor.default\">\n\t\t\t\t<div class=\"elementor-widget-container\">\n\t\t\t\t\t\t\t\t\t<p class=\"isSelectedEnd\">No cal que ho continu\u00efs ajornant. El primer pas \u00e9s fer una valoraci\u00f3 per con\u00e8ixer el teu cas i saber quines opcions de tractament existeixen.<\/p><p class=\"isSelectedEnd\"><strong>Durant el mes de setembre, a les nostres cl\u00edniques pots beneficiar-te de la promoci\u00f3 d\u2019ortod\u00f2ncia: comen\u00e7a el teu tractament abans del 30 de setembre i comen\u00e7a a pagar al novembre.<\/strong><\/p><p>Sol\u00b7licita la teva primera visita i descobreix quina opci\u00f3 d\u2019ortod\u00f2ncia pot ser adequada per a tu.<\/p>\t\t\t\t\t\t\t\t<\/div>\n\t\t\t\t<\/div>\n\t\t\t\t<div class=\"elementor-element elementor-element-532b560 elementor-widget elementor-widget-heading\" data-id=\"532b560\" data-element_type=\"widget\" data-e-type=\"widget\" data-widget_type=\"heading.default\">\n\t\t\t\t<div class=\"elementor-widget-container\">\n\t\t\t\t\t<h2 class=\"elementor-heading-title elementor-size-default\">Preguntes freq\u00fcents sobre el dolor de l\u2019ortod\u00f2ncia<\/h2>\t\t\t\t<\/div>\n\t\t\t\t<\/div>\n\t\t\t\t<div class=\"elementor-element elementor-element-c831bbb elementor-widget elementor-widget-text-editor\" data-id=\"c831bbb\" data-element_type=\"widget\" data-e-type=\"widget\" data-widget_type=\"text-editor.default\">\n\t\t\t\t<div class=\"elementor-widget-container\">\n\t\t\t\t\t\t\t\t\t<h3>Fa molt mal posar-se br\u00e0quets?<\/h3><p class=\"isSelectedEnd\">La col\u00b7locaci\u00f3 dels br\u00e0quets no acostuma a ser dolorosa. Despr\u00e9s de col\u00b7locar-los pots notar pressi\u00f3 i sensibilitat a les dents durant els primers dies, especialment en mastegar.<\/p><h3>Quants dies fan mal les dents despr\u00e9s de posar-se ortod\u00f2ncia?<\/h3><p class=\"isSelectedEnd\">Les mol\u00e8sties solen ser m\u00e9s evidents durant els primers dies i disminueixen progressivament a mesura que la boca s\u2019adapta al tractament. La durada i la intensitat poden variar segons cada persona i cada tractament.<\/p><h3>Fa mal l\u2019ortod\u00f2ncia invisible?<\/h3><p class=\"isSelectedEnd\">Els alineadors transparents poden produir sensaci\u00f3 de pressi\u00f3 o sensibilitat, especialment quan es comen\u00e7a a utilitzar un alineador nou. Aquestes mol\u00e8sties solen formar part del proc\u00e9s d\u2019adaptaci\u00f3.<\/p><h3>Qu\u00e8 puc menjar si em fan mal les dents per l\u2019ortod\u00f2ncia?<\/h3><p class=\"isSelectedEnd\">Durant els primers dies pot resultar m\u00e9s c\u00f2mode consumir aliments tous que no requereixin una masticaci\u00f3 intensa. Si portes br\u00e0quets, a m\u00e9s, haur\u00e0s de seguir les recomanacions del teu ortodontista sobre els aliments que conv\u00e9 evitar.<\/p><h3>\u00c9s normal tenir mol\u00e8sties despr\u00e9s d\u2019una revisi\u00f3 d\u2019ortod\u00f2ncia?<\/h3><p class=\"isSelectedEnd\">S\u00ed. Despr\u00e9s de determinats ajustaments pot apar\u00e8ixer certa pressi\u00f3 o sensibilitat perqu\u00e8 el tractament continua aplicant forces controlades per aconseguir el moviment de les dents.<\/p><h3>Quan m\u2019hauria de preocupar pel dolor de l\u2019ortod\u00f2ncia?<\/h3><p class=\"isSelectedEnd\">Si el dolor \u00e9s intens, empitjora, persisteix m\u00e9s del que \u00e9s habitual o apareix acompanyat d\u2019inflamaci\u00f3, ferides importants o altres s\u00edmptomes, has de contactar amb la teva cl\u00ednica dental perqu\u00e8 puguin valorar la situaci\u00f3.<\/p><p><strong>Comen\u00e7ar un tractament d\u2019ortod\u00f2ncia pot generar dubtes, per\u00f2 les mol\u00e8sties inicials no haurien de ser un motiu per continuar ajornant una decisi\u00f3 que fa temps que est\u00e0s pensant. Una valoraci\u00f3 amb un ortodontista et permetr\u00e0 con\u00e8ixer la teva situaci\u00f3 i les alternatives disponibles per aconseguir un somriure m\u00e9s saludable i funcional.<\/strong><\/p>\t\t\t\t\t\t\t\t<\/div>\n\t\t\t\t<\/div>\n\t\t\t\t\t<\/div>\n\t\t<\/div>\n\t\t\t\t\t<\/div>\n\t\t<\/section>\n\t\t\t\t<section class=\"elementor-section elementor-top-section elementor-element elementor-element-da9217b elementor-section-boxed elementor-section-height-default elementor-section-height-default\" data-id=\"da9217b\" data-element_type=\"section\" data-e-type=\"section\">\n\t\t\t\t\t\t<div class=\"elementor-container elementor-column-gap-default\">\n\t\t\t\t\t<div class=\"elementor-column elementor-col-100 elementor-top-column elementor-element elementor-element-38bdde1\" data-id=\"38bdde1\" data-element_type=\"column\" data-e-type=\"column\">\n\t\t\t<div class=\"elementor-widget-wrap elementor-element-populated\">\n\t\t\t\t\t\t<div class=\"elementor-element elementor-element-bde630b elementor-widget elementor-widget-spacer\" data-id=\"bde630b\" data-element_type=\"widget\" data-e-type=\"widget\" data-widget_type=\"spacer.default\">\n\t\t\t\t<div class=\"elementor-widget-container\">\n\t\t\t\t\t\t\t<div class=\"elementor-spacer\">\n\t\t\t<div class=\"elementor-spacer-inner\"><\/div>\n\t\t<\/div>\n\t\t\t\t\t\t<\/div>\n\t\t\t\t<\/div>\n\t\t\t\t\t<\/div>\n\t\t<\/div>\n\t\t\t\t\t<\/div>\n\t\t<\/section>\n\t\t\t\t<section class=\"elementor-section elementor-top-section elementor-element elementor-element-182cb4dc elementor-section-boxed elementor-section-height-default elementor-section-height-default\" data-id=\"182cb4dc\" data-element_type=\"section\" data-e-type=\"section\">\n\t\t\t\t\t\t<div class=\"elementor-container elementor-column-gap-default\">\n\t\t\t\t\t<div class=\"elementor-column elementor-col-100 elementor-top-column elementor-element elementor-element-4a249ce5\" data-id=\"4a249ce5\" data-element_type=\"column\" data-e-type=\"column\">\n\t\t\t<div class=\"elementor-widget-wrap elementor-element-populated\">\n\t\t\t\t\t\t<div class=\"elementor-element elementor-element-2790aaac elementor-widget elementor-widget-image\" data-id=\"2790aaac\" data-element_type=\"widget\" data-e-type=\"widget\" data-widget_type=\"image.default\">\n\t\t\t\t<div class=\"elementor-widget-container\">\n\t\t\t\t\t\t\t\t\t\t\t\t\t\t\t\t<a href=\"https:\/\/pedrolmairal.com\/promocion-ortodoncia\/\">\n\t\t\t\t\t\t\t<img fetchpriority=\"high\" decoding=\"async\" width=\"1024\" height=\"683\" src=\"https:\/\/www.pedrolmairal.com\/ca\/wp-content\/uploads\/sites\/3\/2026\/08\/Pop-up-banner-CAT-1-1024x683.png\" class=\"attachment-large size-large wp-image-13724\" alt=\"\" srcset=\"https:\/\/www.pedrolmairal.com\/ca\/wp-content\/uploads\/sites\/3\/2026\/08\/Pop-up-banner-CAT-1-1024x683.png 1024w, https:\/\/www.pedrolmairal.com\/ca\/wp-content\/uploads\/sites\/3\/2026\/08\/Pop-up-banner-CAT-1-300x200.png 300w, https:\/\/www.pedrolmairal.com\/ca\/wp-content\/uploads\/sites\/3\/2026\/08\/Pop-up-banner-CAT-1-768x512.png 768w, https:\/\/www.pedrolmairal.com\/ca\/wp-content\/uploads\/sites\/3\/2026\/08\/Pop-up-banner-CAT-1.png 1536w\" sizes=\"(max-width: 1024px) 100vw, 1024px\" \/>\t\t\t\t\t\t\t\t<\/a>\n\t\t\t\t\t\t\t\t\t\t\t\t\t\t\t<\/div>\n\t\t\t\t<\/div>\n\t\t\t\t\t<\/div>\n\t\t<\/div>\n\t\t\t\t\t<\/div>\n\t\t<\/section>\n\t\t\t\t<\/div>\n\t\t","protected":false},"excerpt":{"rendered":"<p>Fa mal posar-se ortod\u00f2ncia? Qu\u00e8 pots esperar durant els primers dies Fa mal posar-se ortod\u00f2ncia? Qu\u00e8 pots esperar durant els primers dies Una de les preguntes m\u00e9s freq\u00fcents abans de comen\u00e7ar un tractament d\u2019ortod\u00f2ncia \u00e9s: fa mal posar-se ortod\u00f2ncia? \u00c9s normal tenir dubtes, especialment si mai no has portat br\u00e0quets o alineadors transparents. La bona [&hellip;]<\/p>\n","protected":false},"author":6,"featured_media":13744,"comment_status":"closed","ping_status":"open","sticky":false,"template":"elementor_header_footer","format":"standard","meta":{"site-sidebar-layout":"default","site-content-layout":"","ast-site-content-layout":"default","site-content-style":"default","site-sidebar-style":"default","ast-global-header-display":"","ast-banner-title-visibility":"","ast-main-header-display":"","ast-hfb-above-header-display":"","ast-hfb-below-header-display":"","ast-hfb-mobile-header-display":"","site-post-title":"","ast-breadcrumbs-content":"","ast-featured-img":"","footer-sml-layout":"","ast-disable-related-posts":"","theme-transparent-header-meta":"","adv-header-id-meta":"","stick-header-meta":"","header-above-stick-meta":"","header-main-stick-meta":"","header-below-stick-meta":"","astra-migrate-meta-layouts":"set","ast-page-background-enabled":"default","ast-page-background-meta":{"desktop":{"background-color":"var(--ast-global-color-4)","background-image":"","background-repeat":"repeat","background-position":"center center","background-size":"auto","background-attachment":"scroll","background-type":"","background-media":"","overlay-type":"","overlay-color":"","overlay-opacity":"","overlay-gradient":""},"tablet":{"background-color":"","background-image":"","background-repeat":"repeat","background-position":"center center","background-size":"auto","background-attachment":"scroll","background-type":"","background-media":"","overlay-type":"","overlay-color":"","overlay-opacity":"","overlay-gradient":""},"mobile":{"background-color":"","background-image":"","background-repeat":"repeat","background-position":"center center","background-size":"auto","background-attachment":"scroll","background-type":"","background-media":"","overlay-type":"","overlay-color":"","overlay-opacity":"","overlay-gradient":""}},"ast-content-background-meta":{"desktop":{"background-color":"var(--ast-global-color-5)","background-image":"","background-repeat":"repeat","background-position":"center center","background-size":"auto","background-attachment":"scroll","background-type":"","background-media":"","overlay-type":"","overlay-color":"","overlay-opacity":"","overlay-gradient":""},"tablet":{"background-color":"var(--ast-global-color-5)","background-image":"","background-repeat":"repeat","background-position":"center center","background-size":"auto","background-attachment":"scroll","background-type":"","background-media":"","overlay-type":"","overlay-color":"","overlay-opacity":"","overlay-gradient":""},"mobile":{"background-color":"var(--ast-global-color-5)","background-image":"","background-repeat":"repeat","background-position":"center center","background-size":"auto","background-attachment":"scroll","background-type":"","background-media":"","overlay-type":"","overlay-color":"","overlay-opacity":"","overlay-gradient":""}},"footnotes":""},"categories":[1,30,33],"tags":[],"class_list":["post-13743","post","type-post","status-publish","format-standard","has-post-thumbnail","hentry","category-sin-categoria","category-ortodoncia","category-ortodoncia-lleida"],"_links":{"self":[{"href":"https:\/\/www.pedrolmairal.com\/ca\/wp-json\/wp\/v2\/posts\/13743","targetHints":{"allow":["GET"]}}],"collection":[{"href":"https:\/\/www.pedrolmairal.com\/ca\/wp-json\/wp\/v2\/posts"}],"about":[{"href":"https:\/\/www.pedrolmairal.com\/ca\/wp-json\/wp\/v2\/types\/post"}],"author":[{"embeddable":true,"href":"https:\/\/www.pedrolmairal.com\/ca\/wp-json\/wp\/v2\/users\/6"}],"replies":[{"embeddable":true,"href":"https:\/\/www.pedrolmairal.com\/ca\/wp-json\/wp\/v2\/comments?post=13743"}],"version-history":[{"count":4,"href":"https:\/\/www.pedrolmairal.com\/ca\/wp-json\/wp\/v2\/posts\/13743\/revisions"}],"predecessor-version":[{"id":13749,"href":"https:\/\/www.pedrolmairal.com\/ca\/wp-json\/wp\/v2\/posts\/13743\/revisions\/13749"}],"wp:featuredmedia":[{"embeddable":true,"href":"https:\/\/www.pedrolmairal.com\/ca\/wp-json\/wp\/v2\/media\/13744"}],"wp:attachment":[{"href":"https:\/\/www.pedrolmairal.com\/ca\/wp-json\/wp\/v2\/media?parent=13743"}],"wp:term":[{"taxonomy":"category","embeddable":true,"href":"https:\/\/www.pedrolmairal.com\/ca\/wp-json\/wp\/v2\/categories?post=13743"},{"taxonomy":"post_tag","embeddable":true,"href":"https:\/\/www.pedrolmairal.com\/ca\/wp-json\/wp\/v2\/tags?post=13743"}],"curies":[{"name":"wp","href":"https:\/\/api.w.org\/{rel}","templated":true}]}}